{"id":2303,"date":"2026-02-21T21:24:18","date_gmt":"2026-02-21T21:24:18","guid":{"rendered":"https:\/\/lp.oregoninvest.com.br\/blog\/?p=2303"},"modified":"2026-02-22T22:50:21","modified_gmt":"2026-02-22T22:50:21","slug":"pl-1087-2025-novas-faixas-ir-isencoes-limites-alta-renda","status":"publish","type":"post","link":"https:\/\/lp.oregoninvest.com.br\/blog\/post\/pl-1087-2025-novas-faixas-ir-isencoes-limites-alta-renda\/","title":{"rendered":"PL 1.087\/2025: Novas faixas de IR, isen\u00e7\u00f5es e limites para alta renda"},"content":{"rendered":"\n<p id=\"viewer-id-8j2w0686s\">A proposta de lei 1.087\/2025, aprovada recentemente pela C\u00e2mara dos Deputados, acendeu debates e expectativas sobre o futuro do Imposto de Renda no Brasil.<\/p>\n\n\n\n<p id=\"viewer-id-9h0d3jzcl\">Para quem acompanha de perto temas ligados \u00e0 gest\u00e3o patrimonial, como o time da Oregon, este projeto provoca reflex\u00f5es importantes sobre justi\u00e7a tribut\u00e1ria, prote\u00e7\u00e3o de ativos e planejamento financeiro de longo prazo.<\/p>\n\n\n\n<p id=\"viewer-id-8ludikaee\">Neste artigo, desvendam-se as principais mudan\u00e7as implementadas, destacando como elas impactam pessoas f\u00edsicas, fam\u00edlias de alta renda e investidores de diferentes perfis. Dados e estudos recentes, al\u00e9m da legisla\u00e7\u00e3o, orientam a an\u00e1lise.<\/p>\n\n\n\n<h2 class=\"wp-block-heading\" id=\"viewer-id-9555qngwe\"><strong>O que muda: panorama geral das novas faixas de IR<\/strong><\/h2>\n\n\n\n<p id=\"viewer-id-quxj91qdw\">Desde o in\u00edcio da tramita\u00e7\u00e3o, o PL 1.087\/2025 foi apresentado com o objetivo de atualizar faixas de isen\u00e7\u00e3o, corrigir distor\u00e7\u00f5es hist\u00f3ricas e avan\u00e7ar no combate \u00e0 desigualdade social. De acordo com estudo da Secretaria de Pol\u00edtica Econ\u00f4mica do Minist\u00e9rio da Fazenda, essas mudan\u00e7as promovem significativa redistribui\u00e7\u00e3o da carga tribut\u00e1ria, tornando o sistema brasileiro mais progressivo e menos regressivo. Os detalhes s\u00e3o marcantes (<a href=\"https:\/\/www.gov.br\/fazenda\/pt-br\/assuntos\/noticias\/2025\/junho\/estudoda-fazenda-mostra-que-reforma-do-irpf-melhora-progressividade-e-reduz-desigualdade\">Estudo da Secretaria de Pol\u00edtica Econ\u00f4mica do Minist\u00e9rio da Fazenda<\/a>).<\/p>\n\n\n\n<ul class=\"wp-block-list\">\n<li>Isen\u00e7\u00e3o do IR para quem recebe at\u00e9 R$ 5.000 por m\u00eas<\/li>\n\n\n\n<li>Redu\u00e7\u00e3o gradativa da tributa\u00e7\u00e3o para rendas at\u00e9 R$ 7.350<\/li>\n\n\n\n<li>Revis\u00e3o e cria\u00e7\u00e3o de al\u00edquota m\u00ednima para altas rendas<\/li>\n\n\n\n<li>Novos limites para dedu\u00e7\u00f5es e tratamento espec\u00edfico para grandes dividendos<\/li>\n<\/ul>\n\n\n\n<blockquote class=\"wp-block-quote is-layout-flow wp-block-quote-is-layout-flow\">\n<p>Com as mudan\u00e7as, grande parte da classe m\u00e9dia \u00e9 beneficiada e o foco da cobran\u00e7a se desloca \u00e0s maiores rendas, buscando equilibrar arrecada\u00e7\u00e3o e justi\u00e7a fiscal.Justi\u00e7a fiscal se constr\u00f3i com coragem para mudar.<\/p>\n<\/blockquote>\n\n\n\n<h2 class=\"wp-block-heading\" id=\"viewer-id-02p7slqsl\"><strong>Impactos esperados na distribui\u00e7\u00e3o de renda<\/strong><\/h2>\n\n\n\n<p id=\"viewer-id-37kl24tl0\">A proposta tem como meta principal <strong>promover uma melhor distribui\u00e7\u00e3o de renda no pa\u00eds<\/strong>. O secret\u00e1rio de Reformas Econ\u00f4micas do Minist\u00e9rio da Fazenda, Marcos Barbosa Pinto, refor\u00e7a que o PL 1.087\/2025 foi elaborado para redistribuir a carga tribut\u00e1ria, tornando o sistema mais justo e alinhado \u00e0s pr\u00e1ticas internacionais (<a href=\"https:\/\/www.gov.br\/fazenda\/pt-br\/assuntos\/noticias\/2025\/Maio\/ajustes-no-ir-sao-essenciais-para-promover-justica-social-defende-secretario-de-reformas-economicas\">declara\u00e7\u00e3o do secret\u00e1rio de Reformas Econ\u00f4micas<\/a>).<\/p>\n\n\n\n<p id=\"viewer-id-pnn4agcn3\">Entre os principais impactos, destacam-se:<\/p>\n\n\n\n<ul class=\"wp-block-list\">\n<li>Al\u00edvio para as fam\u00edlias de classe m\u00e9dia<\/li>\n\n\n\n<li>Redu\u00e7\u00e3o da regressividade do sistema tribut\u00e1rio<\/li>\n\n\n\n<li>Aumento da progressividade na cobran\u00e7a do imposto<\/li>\n\n\n\n<li>Possibilidade de maior consumo e investimentos internos<\/li>\n<\/ul>\n\n\n\n<p id=\"viewer-id-ls11z8xxh\">Por outro lado, existe a preocupa\u00e7\u00e3o leg\u00edtima com a ren\u00fancia de receitas. De acordo com dados do Minist\u00e9rio da Fazenda, a estimativa \u00e9 de uma ren\u00fancia fiscal na ordem de R$ 25,4 bilh\u00f5es em 2026, representando aproximadamente 10% de tudo o que se arrecada hoje com o IRPF (<a href=\"https:\/\/www.gov.br\/fazenda\/pt-br\/assuntos\/noticias\/2025\/junho\/estudoda-fazenda-mostra-que-reforma-do-irpf-melhora-progressividade-e-reduz-desigualdade\">Estudo da Secretaria de Pol\u00edtica Econ\u00f4mica do Minist\u00e9rio da Fazenda<\/a>).<\/p>\n\n\n\n<h2 class=\"wp-block-heading\" id=\"viewer-id-rqlkuq6f9\"><strong>Altera\u00e7\u00f5es para 2027: c\u00e1lculo anual e novas isen\u00e7\u00f5es<\/strong><\/h2>\n\n\n\n<p id=\"viewer-id-j4h7ekome\">A partir de 2027, com base no ano-base 2026, o c\u00e1lculo da isen\u00e7\u00e3o passa a ser anual, n\u00e3o mais apenas mensal. Assim, todo contribuinte que tiver rendimentos <strong>at\u00e9 R$ 60.000 ao ano estar\u00e1 completamente isento<\/strong>. J\u00e1 quem recebe entre R$ 60.000,01 e R$ 88.200 anuais ver\u00e1 o imposto devido diminuindo em patamares intermedi\u00e1rios.<\/p>\n\n\n\n<p id=\"viewer-id-m8dyazxyr\">O destaque \u00e9 o novo conceito de \u201cdesconto parcial\u201d:<\/p>\n\n\n\n<ul class=\"wp-block-list\">\n<li>Renda anual at\u00e9 R$ 60.000: isento<\/li>\n\n\n\n<li>Renda anual entre R$ 60.000,01 a R$ 88.200: desconto parcial progressivo, menor \u00e0 medida que a renda aumenta dentro desse grupo<\/li>\n\n\n\n<li>Renda superior a R$ 88.200: regras normais j\u00e1 ajustadas \u00e0 nova tabela<\/li>\n<\/ul>\n\n\n\n<p id=\"viewer-id-yvikadvpl\">Essas mudan\u00e7as tamb\u00e9m dialogam com necessidades modernas de planejamento tribut\u00e1rio e refor\u00e7am a import\u00e2ncia de novas estrat\u00e9gias, tema amplamente trabalhado pela consultoria da Oregon (<a href=\"https:\/\/www.oregoninvest.com.br\/post\/planejamento-tributario-avancado-alta-renda\">planejamento tribut\u00e1rio avan\u00e7ado para alta renda<\/a>).<\/p>\n\n\n\n<h2 class=\"wp-block-heading\" id=\"viewer-id-gi6rtvhdv\"><strong>Cria\u00e7\u00e3o da al\u00edquota m\u00ednima de Imposto de Renda para alta renda<\/strong><\/h2>\n\n\n\n<p id=\"viewer-id-i1f30dfy5\">Para combater pr\u00e1ticas de elis\u00e3o fiscal e garantir progressividade, o PL 1.087\/2025 institui a <strong>al\u00edquota m\u00ednima de IR para alta renda (IRPFM)<\/strong>. A regra vale para aqueles com rendimentos tribut\u00e1veis totais acima de R$ 600 mil reais por ano, incluindo dividendos. A al\u00edquota sobe conforme o n\u00edvel de renda, partindo de 0% at\u00e9 o m\u00e1ximo de 10%.<\/p>\n\n\n\n<p id=\"viewer-id-evo102n0f\">Exemplo pr\u00e1tico: quem recebe R$ 900 mil por ano pagar\u00e1 5% de IRPFM, totalizando R$ 45 mil. Isso inclui todos os rendimentos, como lucros, isen\u00e7\u00f5es, ganhos exclusivos, definitivos e aqueles tributados \u00e0 al\u00edquota zero.<\/p>\n\n\n\n<p id=\"viewer-id-mstqx343h\"><strong>O objetivo \u00e9 garantir que quem tem mais contribua proporcionalmente mais, combatendo distor\u00e7\u00f5es no sistema atual.<\/strong><\/p>\n\n\n\n<p id=\"viewer-id-sbk2gsgpm\">Esta nova incid\u00eancia tamb\u00e9m mira rendimentos advindos de dividendos, resultado de debates sobre justi\u00e7a tribut\u00e1ria que marcam o cen\u00e1rio econ\u00f4mico em 2025. A defini\u00e7\u00e3o da base de c\u00e1lculo abrange:<\/p>\n\n\n\n<ul class=\"wp-block-list\">\n<li>Rendimentos sujeitos \u00e0 tributa\u00e7\u00e3o normal<\/li>\n\n\n\n<li>Ganhos tributados \u00e0 al\u00edquota zero<\/li>\n\n\n\n<li>Rendimentos exclusivos, isentos e definitivos<\/li>\n<\/ul>\n\n\n\n<p id=\"viewer-id-s67drh54h\">Enquanto a medida responde a demandas da sociedade, profissionais liberais, empres\u00e1rios e fam\u00edlias com patrim\u00f4nios relevantes devem adaptar seus planejamentos e revisitar estruturas societ\u00e1rias, pontos essenciais do trabalho da Oregon (<a href=\"https:\/\/www.oregoninvest.com.br\/post\/holding-patrimonial\">holding patrimonial<\/a>).<\/p>\n\n\n\n<h2 class=\"wp-block-heading\" id=\"viewer-id-c85p3c5hh\"><strong>Quais rendimentos poder\u00e3o ser deduzidos da base de c\u00e1lculo?<\/strong><\/h2>\n\n\n\n<p id=\"viewer-id-bq6aj5c3u\">Para o c\u00e1lculo da nova al\u00edquota m\u00ednima, o PL 1.087\/2025 detalha quais rendimentos podem ser exclu\u00eddos da base, reduzindo o valor sobre o qual incide o imposto. Entre eles:<\/p>\n\n\n\n<ul class=\"wp-block-list\">\n<li>Atividade rural isenta<\/li>\n\n\n\n<li>Determinados ganhos de capital isentos<\/li>\n\n\n\n<li>Rendimentos acumulados<\/li>\n\n\n\n<li>Heran\u00e7as e doa\u00e7\u00f5es<\/li>\n\n\n\n<li>Rendimentos de caderneta de poupan\u00e7a<\/li>\n\n\n\n<li>T\u00edtulos e valores mobili\u00e1rios isentos (como LCI, LCA, CRI, CRA, LIG, LCD)<\/li>\n\n\n\n<li>Investimentos em projetos de infraestrutura<\/li>\n\n\n\n<li>Fundos imobili\u00e1rios e Fiagro com no m\u00ednimo 100 cotistas<\/li>\n\n\n\n<li>Indeniza\u00e7\u00f5es por decis\u00e3o judicial<\/li>\n\n\n\n<li>Rendimentos de t\u00edtulos isentos por lei espec\u00edfica<\/li>\n\n\n\n<li>Lucros e dividendos gerados at\u00e9 o fim de 2025 e aprovados at\u00e9 esta data<\/li>\n\n\n\n<li>Rendas de titulares de cart\u00f3rios sobre emolumentos<\/li>\n<\/ul>\n\n\n\n<p id=\"viewer-id-2cy4x8exx\">A lista \u00e9 extensa e mostra a inten\u00e7\u00e3o do legislador de diferenciar rendas t\u00edpicas do trabalho ou empresariais de ganhos eventuais ou ligados a investimentos incentivados, contribuindo para uma an\u00e1lise patrimonial mais apurada, um dos pilares da atua\u00e7\u00e3o da Oregon (<a href=\"https:\/\/www.oregoninvest.com.br\/post\/consultoria-de-patrimonio-guia-pratico-protecao-crescimento\">consultoria de patrim\u00f4nio<\/a>).<\/p>\n\n\n\n<h2 class=\"wp-block-heading\" id=\"viewer-id-xh4xidoty\"><strong>Compensa\u00e7\u00f5es, dedu\u00e7\u00f5es e c\u00e1lculos finais<\/strong><\/h2>\n\n\n\n<p id=\"viewer-id-db73z7tjy\">O valor m\u00ednimo do IRPF determinado pode ser abatido do imposto j\u00e1 pago no ano. Se ap\u00f3s essa conta o saldo for negativo ou zero, nenhum valor adicional \u00e9 exigido.<\/p>\n\n\n\n<p id=\"viewer-id-4grohgxo3\"><strong>O c\u00e1lculo respeita o montante j\u00e1 retido, tornando o processo menos oneroso para o contribuinte que antecipou pagamentos corretamente.<\/strong><\/p>\n\n\n\n<p id=\"viewer-id-vsr51z9ta\">H\u00e1, ainda, mecanismos para antecipa\u00e7\u00e3o do IRPFM: sempre que lucros e dividendos pagos por empresas ultrapassarem R$ 50 mil mensais por pessoa f\u00edsica, a empresa deve reter 10% de IRPF na fonte, sem direito a dedu\u00e7\u00f5es, exceto para lucros e dividendos referentes a per\u00edodos anteriores a 31\/12\/2025, desde que aprovados para distribui\u00e7\u00e3o at\u00e9 esta data.<\/p>\n\n\n\n<p id=\"viewer-id-tvppama5i\">No ajuste anual, eventuais diferen\u00e7as entre valores retidos e devidos s\u00e3o compensadas, resultando em saldo a pagar, a restituir ou em zero.<\/p>\n\n\n\n<h2 class=\"wp-block-heading\" id=\"viewer-id-cll2ma1hr\"><strong>O \u201credutor\u201d: limite ao imposto total entre empresa e pessoa f\u00edsica<\/strong><\/h2>\n\n\n\n<p id=\"viewer-id-xk0m8fkwr\">Uma inova\u00e7\u00e3o relevante do PL 1.087\/2025 \u00e9 a cria\u00e7\u00e3o do chamado \u201credutor\u201d. Esse mecanismo limita o valor combinado do imposto pago por empresas (IRPJ\/CSLL) e por pessoas f\u00edsicas (quando recebem lucros) a um teto.<\/p>\n\n\n\n<p id=\"viewer-id-f4pv3tsj4\">S\u00e3o definidos tr\u00eas patamares:<\/p>\n\n\n\n<ul class=\"wp-block-list\">\n<li><strong>34%<\/strong> para opera\u00e7\u00f5es t\u00edpicas<\/li>\n\n\n\n<li><strong>40%<\/strong> em casos de adicional de IRPJ<\/li>\n\n\n\n<li><strong>45%<\/strong> para situa\u00e7\u00f5es espec\u00edficas, como setores de risco diferenciado<\/li>\n<\/ul>\n\n\n\n<p id=\"viewer-id-eplgwcfp0\"><strong>Se, somando os tributos pagos na empresa e na pessoa f\u00edsica, o resultado superar o teto da faixa correspondente, o excedente \u00e9 reduzido.<\/strong> Com isso, evita-se tributa\u00e7\u00e3o duplicada e invi\u00e1vel sobre o lucro distribu\u00eddo ao s\u00f3cio ou acionista.<\/p>\n\n\n\n<h3 class=\"wp-block-heading\" id=\"viewer-id-pcu4b67ec\"><strong>Lucros e dividendos: o que muda para altas distribui\u00e7\u00f5es<\/strong><\/h3>\n\n\n\n<p id=\"viewer-id-ag2p2a4r6\">A partir de janeiro de 2026, lucros e dividendos pagos por empresas superiores a R$ 50 mil mensais por pessoa f\u00edsica ter\u00e3o incid\u00eancia direta de 10% de IRPF, sem possibilidade de dedu\u00e7\u00e3o. Isso representa uma mudan\u00e7a marcante no universo de gest\u00e3o patrimonial, inclusive para holdings e estruturas familiares.<\/p>\n\n\n\n<p id=\"viewer-id-4vues9bhk\">Exce\u00e7\u00e3o importante: lucros e dividendos referentes a per\u00edodos anteriores a 31 de dezembro de 2025 e aprovados para distribui\u00e7\u00e3o at\u00e9 essa data n\u00e3o sofrem a nova incid\u00eancia, respeitando o direito adquirido \u00e0 regime anterior.<\/p>\n\n\n\n<p id=\"viewer-id-dljq2uf84\"><em>Para aplica\u00e7\u00f5es financeiras, algumas classes continuam isentas:<\/em><\/p>\n\n\n\n<ul class=\"wp-block-list\">\n<li>LCI, LCA, CRA, CRI, LIG, LCD<\/li>\n\n\n\n<li>Fiagro<\/li>\n\n\n\n<li>Deb\u00eantures incentivadas de infraestrutura<\/li>\n\n\n\n<li>Fundos e ETFs com pelo menos 85% dos investimentos nos setores de energia, saneamento b\u00e1sico ou log\u00edstica<\/li>\n<\/ul>\n\n\n\n<h2 class=\"wp-block-heading\" id=\"viewer-id-0kueow2gv\"><strong>Tributa\u00e7\u00e3o sobre lucros e dividendos enviados ao exterior<\/strong><\/h2>\n\n\n\n<p id=\"viewer-id-ueymnp597\">O PL 1.087\/2025 tamb\u00e9m atinge opera\u00e7\u00f5es internacionais: a partir de 2026, <strong>lucros e dividendos canalizados ao exterior ficam sujeitos a 10% de IRRF (imposto de renda retido na fonte), seja para pessoas f\u00edsicas ou jur\u00eddicas, sem valor m\u00ednimo<\/strong>.<\/p>\n\n\n\n<p id=\"viewer-id-l5ts8c0k1\">H\u00e1, por\u00e9m, exce\u00e7\u00f5es:<\/p>\n\n\n\n<ul class=\"wp-block-list\">\n<li>Governos estrangeiros<\/li>\n\n\n\n<li>Fundos soberanos<\/li>\n\n\n\n<li>Entidades estrangeiras de previd\u00eancia<\/li>\n<\/ul>\n\n\n\n<p id=\"viewer-id-8k62cqpc9\">Se os tributos pagos no exterior, somados ao recolhido no Brasil, ultrapassarem o limite relativo ao IRPJ e CSLL, o contribuinte brasileiro poder\u00e1 abater o excesso como cr\u00e9dito, reduzindo a dupla incid\u00eancia e promovendo justi\u00e7a tribut\u00e1ria para investidores globais, preocupa\u00e7\u00e3o recorrente em consultorias de internacionaliza\u00e7\u00e3o da Oregon (consultoria de investimentos internacionais).<\/p>\n\n\n\n<h2 class=\"wp-block-heading\" id=\"viewer-id-qqlc4soq0\"><strong>Compensa\u00e7\u00e3o para estados, DF e munic\u00edpios<\/strong><\/h2>\n\n\n\n<p id=\"viewer-id-dtt8b6jg9\">Com a perda de parte da arrecada\u00e7\u00e3o provocada pela amplia\u00e7\u00e3o da faixa de isen\u00e7\u00e3o, o PL determina que a Uni\u00e3o compense financeiramente estados, o Distrito Federal e munic\u00edpios. A compensa\u00e7\u00e3o se dar\u00e1 pela redistribui\u00e7\u00e3o de receitas adicionais dos Fundos de Participa\u00e7\u00e3o, e ser\u00e1 revisada trimestralmente para ajustes.<\/p>\n\n\n\n<blockquote class=\"wp-block-quote is-layout-flow wp-block-quote-is-layout-flow\">\n<p>O equil\u00edbrio federativo \u00e9 meta central da nova legisla\u00e7\u00e3o.<\/p>\n<\/blockquote>\n\n\n\n<h2 class=\"wp-block-heading\" id=\"viewer-id-01m6y7x7a\"><strong>Atualiza\u00e7\u00e3o futura dos valores: o que esperar?<\/strong><\/h2>\n\n\n\n<p id=\"viewer-id-12tdsijwt\">Um dos dispositivos do PL 1.087\/2025 determina que, no prazo m\u00e1ximo de um ano ap\u00f3s a vig\u00eancia das novas regras, o Executivo apresente ao Congresso Nacional um projeto para atualizar os valores da legisla\u00e7\u00e3o do IRPF. A medida visa a <strong>diminuir o atraso das faixas em rela\u00e7\u00e3o \u00e0 infla\u00e7\u00e3o, evitando distor\u00e7\u00f5es recorrentes e contribuindo para transpar\u00eancia e justi\u00e7a fiscal<\/strong>.<\/p>\n\n\n\n<p id=\"viewer-id-ona0dhoom\">Nesse contexto, consultorias de investimentos, como a Oregon, refor\u00e7am ainda mais o papel da educa\u00e7\u00e3o financeira e da estrat\u00e9gia patrimonial, capacitando clientes a tomarem decis\u00f5es conscientes e seguras, tanto no Brasil quanto no exterior.<\/p>\n\n\n\n<h2 class=\"wp-block-heading\" id=\"viewer-id-ndugpu19j\"><strong>Conclus\u00e3o: o que significa o PL 1.087\/2025 para investidores e alta renda?<\/strong><\/h2>\n\n\n\n<p id=\"viewer-id-wwe6hqatz\">A reforma do IRPF aprovada pela C\u00e2mara representa passo relevante para um sistema tribut\u00e1rio mais equilibrado e adaptado aos desafios do s\u00e9culo XXI. Amplia a progressividade, protege quem ganha menos, direciona cobran\u00e7a a maiores rendas e transpar\u00eancia \u00e0 gest\u00e3o dos recursos. Afeta de forma direta n\u00e3o s\u00f3 a pessoa f\u00edsica comum, mas tamb\u00e9m profissionais liberais, empres\u00e1rios, investidores e titulares de grandes patrim\u00f4nios.<\/p>\n\n\n\n<p id=\"viewer-id-sd058upnb\">Com mudan\u00e7as importantes na tributa\u00e7\u00e3o de dividendos, limites para impostos em cadeia e incentivos \u00e0 regulariza\u00e7\u00e3o, investidores e fam\u00edlias precisar\u00e3o rever estrat\u00e9gias de aloca\u00e7\u00e3o, internacionaliza\u00e7\u00e3o e prote\u00e7\u00e3o de bens. O cen\u00e1rio convida \u00e0 revis\u00e3o de objetivos e \u00e0 atualiza\u00e7\u00e3o constante de planejamentos, miss\u00e3o diretamente alinhada \u00e0 atua\u00e7\u00e3o da Oregon.<\/p>\n\n\n\n<p id=\"viewer-id-4h8qb2g2l\">Quem busca consist\u00eancia patrimonial, clareza nas decis\u00f5es e seguran\u00e7a fiscal, encontra na equipe da Oregon um parceiro para todas as etapas.<\/p>\n\n\n\n<p id=\"viewer-id-pdxr8el7f\">Para entender como o novo IRPF afeta sua estrat\u00e9gia, proteger seus ativos e planejar o crescimento, <strong>vale a pena conhecer os diferenciais dos servi\u00e7os e conte\u00fados educativos oferecidos<\/strong>. O futuro do patrim\u00f4nio come\u00e7a no presente: planejar \u00e9 o melhor caminho.<\/p>\n\n\n\n<h2 class=\"wp-block-heading\" id=\"viewer-id-2d8ct2sv8\"><strong>Perguntas frequentes sobre o PL 1.087\/2025 e as novas faixas de IR<\/strong><\/h2>\n\n\n\n<h3 class=\"wp-block-heading\" id=\"viewer-id-6n0522moy\"><strong>O que muda no IR com o PL 1.087\/2025?<\/strong><\/h3>\n\n\n\n<p id=\"viewer-id-fqgme7a5f\">O PL 1.087\/2025 eleva a faixa de isen\u00e7\u00e3o do Imposto de Renda para R$ 5 mil mensais j\u00e1 em 2026, reduz a tributa\u00e7\u00e3o para rendas at\u00e9 R$ 7.350 e institui faixas progressivas para alta renda, criando tamb\u00e9m uma al\u00edquota m\u00ednima para quem recebe acima de R$ R$ 600 mil reais por ano. O projeto prev\u00ea a incid\u00eancia de 10% para dividendos mensais superiores a R$ 50 mil por pessoa f\u00edsica e amplia a lista de rendimentos dedut\u00edveis da base de c\u00e1lculo. Outras mudan\u00e7as estabelecem dedu\u00e7\u00e3o de IR antecipado, limites de tributa\u00e7\u00e3o combinada de empresas e s\u00f3cios e tributa\u00e7\u00e3o sobre valores remetidos ao exterior.<\/p>\n\n\n\n<h3 class=\"wp-block-heading\" id=\"viewer-id-ofm1hyw5l\"><strong>Quais s\u00e3o as novas faixas de isen\u00e7\u00e3o?<\/strong><\/h3>\n\n\n\n<p id=\"viewer-id-utflj1ydl\">A partir de 2026, ficam isentos do IR quem recebe at\u00e9 R$ 5.000 por m\u00eas (ou at\u00e9 R$ 60.000 ao ano, a partir do c\u00e1lculo anual previsto para 2027). Rendas entre R$ 5.000,01 e R$ 7.350 mensais ter\u00e3o desconto parcial progressivo, e entre R$ 60.000,01 e R$ 88.200 anuais haver\u00e1 redu\u00e7\u00e3o proporcional do imposto conforme a faixa. Acima desses limites, aplicam-se as novas regras de tributa\u00e7\u00e3o para alta renda e dividendos.<\/p>\n\n\n\n<h3 class=\"wp-block-heading\" id=\"viewer-id-72phca43b\"><strong>Quem \u00e9 considerado alta renda no projeto?<\/strong><\/h3>\n\n\n\n<p id=\"viewer-id-sn42dq93u\">De acordo com o PL 1.087\/2025, considera-se alta renda quem possui rendimentos superiores a R$ 1,2 milh\u00e3o por ano. Essas pessoas estar\u00e3o sujeitas \u00e0 al\u00edquota m\u00ednima de IRPF, que pode chegar a 10%, e, se receberem lucros e dividendos mensais acima de R$ 50 mil por pessoa f\u00edsica, incidir\u00e1 a taxa de 10% de IR na fonte.<\/p>\n\n\n\n<h3 class=\"wp-block-heading\" id=\"viewer-id-rhcy7hj4l\"><strong>Como consultar se estou isento?<\/strong><\/h3>\n\n\n\n<p id=\"viewer-id-b0pnuzp1a\">A consulta pode ser feita analisando todos os rendimentos recebidos ao longo do m\u00eas (ou ano fiscal), somando sal\u00e1rios, rendas de investimentos e outras fontes. Se a soma mensal n\u00e3o ultrapassar R$ 5.000, ou anual n\u00e3o ultrapassar R$ 60.000, o contribuinte estar\u00e1 isento \u00e0 luz das regras do PL 1.087\/2025. Ferramentas online do Governo Federal e orienta\u00e7\u00e3o especializada podem ajudar nesse c\u00e1lculo detalhado.<\/p>\n\n\n\n<h3 class=\"wp-block-heading\" id=\"viewer-id-gliz70eta\"><strong>Quando as novas regras come\u00e7am a valer?<\/strong><\/h3>\n\n\n\n<p id=\"viewer-id-6amxou0hh\">As mudan\u00e7as do PL 1.087\/2025 passam a valer a partir de janeiro de 2026, afetando os rendimentos deste ano em diante. Para rendimentos anuais, o c\u00e1lculo com base nas novas faixas de isen\u00e7\u00e3o se dar\u00e1 no exerc\u00edcio de 2027, considerando o ano-base 2026. A tributa\u00e7\u00e3o diferenciada sobre dividendos e lucros superiores a R$ 50 mil\/m\u00eas entra em vigor na mesma data.<\/p>\n","protected":false},"excerpt":{"rendered":"<p>A proposta de lei 1.087\/2025, aprovada recentemente pela C\u00e2mara dos Deputados, acendeu debates e expectativas sobre o futuro do Imposto de Renda no Brasil. Para quem acompanha de perto temas ligados \u00e0 gest\u00e3o patrimonial, como o time da Oregon, este projeto provoca reflex\u00f5es importantes sobre justi\u00e7a tribut\u00e1ria, prote\u00e7\u00e3o de ativos e planejamento financeiro de longo [&hellip;]<\/p>\n","protected":false},"author":1,"featured_media":2302,"comment_status":"open","ping_status":"open","sticky":false,"template":"","format":"standard","meta":{"_lmt_disableupdate":"no","_lmt_disable":"","footnotes":""},"categories":[8],"tags":[],"class_list":["post-2303","post","type-post","status-publish","format-standard","has-post-thumbnail","hentry","category-destaque"],"modified_by":"Oregon Invest","_links":{"self":[{"href":"https:\/\/lp.oregoninvest.com.br\/blog\/wp-json\/wp\/v2\/posts\/2303","targetHints":{"allow":["GET"]}}],"collection":[{"href":"https:\/\/lp.oregoninvest.com.br\/blog\/wp-json\/wp\/v2\/posts"}],"about":[{"href":"https:\/\/lp.oregoninvest.com.br\/blog\/wp-json\/wp\/v2\/types\/post"}],"author":[{"embeddable":true,"href":"https:\/\/lp.oregoninvest.com.br\/blog\/wp-json\/wp\/v2\/users\/1"}],"replies":[{"embeddable":true,"href":"https:\/\/lp.oregoninvest.com.br\/blog\/wp-json\/wp\/v2\/comments?post=2303"}],"version-history":[{"count":1,"href":"https:\/\/lp.oregoninvest.com.br\/blog\/wp-json\/wp\/v2\/posts\/2303\/revisions"}],"predecessor-version":[{"id":2442,"href":"https:\/\/lp.oregoninvest.com.br\/blog\/wp-json\/wp\/v2\/posts\/2303\/revisions\/2442"}],"wp:featuredmedia":[{"embeddable":true,"href":"https:\/\/lp.oregoninvest.com.br\/blog\/wp-json\/wp\/v2\/media\/2302"}],"wp:attachment":[{"href":"https:\/\/lp.oregoninvest.com.br\/blog\/wp-json\/wp\/v2\/media?parent=2303"}],"wp:term":[{"taxonomy":"category","embeddable":true,"href":"https:\/\/lp.oregoninvest.com.br\/blog\/wp-json\/wp\/v2\/categories?post=2303"},{"taxonomy":"post_tag","embeddable":true,"href":"https:\/\/lp.oregoninvest.com.br\/blog\/wp-json\/wp\/v2\/tags?post=2303"}],"curies":[{"name":"wp","href":"https:\/\/api.w.org\/{rel}","templated":true}]}}